{"id":199,"date":"2009-05-11T19:00:35","date_gmt":"2009-05-11T16:00:35","guid":{"rendered":"http:\/\/fyysikkoalumni.fi\/wordpress\/?p=199"},"modified":"2015-01-19T21:58:37","modified_gmt":"2015-01-19T18:58:37","slug":"11-5-2009-ylimaarainen-kokous","status":"publish","type":"post","link":"https:\/\/fyysikkoalumni.fi\/wordpress\/11-5-2009-ylimaarainen-kokous\/","title":{"rendered":"11.5.2009 Ylim\u00e4\u00e4r\u00e4inen kokous"},"content":{"rendered":"<p>Fyysikkoalumni ry:n ylim\u00e4\u00e4r\u00e4inen kokous pidet\u00e4\u00e4n kev\u00e4\u00e4n p\u00e4\u00e4tapahtuman yhteydess\u00e4 Rantasaunalla maanantaina 11.5.2009 noin klo 19 alkaen p\u00e4\u00e4tapahtuman ohjelman j\u00e4lkeen.<\/p>\n<p>Kokousen asialistalla on PRH:n tarkastajan tekem\u00e4t ja kev\u00e4\u00e4n vuosikokouksessa hyv\u00e4ksytyt tarkennukset kev\u00e4\u00e4ll\u00e4 2008 ty\u00f6stettyihin uusiin s\u00e4\u00e4nt\u00f6ihin, jotka sallivat ainaisj\u00e4senyyden ja yhteis\u00f6j\u00e4senet.<\/p>\n<p>S\u00e4\u00e4nt\u00f6muutokset on hyv\u00e4ksytt\u00e4v\u00e4 kahdessa per\u00e4tt\u00e4isess\u00e4 yhdistyksen kokouksessa joiden v\u00e4lill\u00e4 on v\u00e4hint\u00e4\u00e4n 30 vrk. T\u00e4m\u00e4n toisen k\u00e4sittelyn j\u00e4lkeen s\u00e4\u00e4nt\u00f6muutos on lopulta valmis (<a href=\"http:\/\/fyysikkoalumni.fi\/wordpress\/wp-content\/uploads\/2015\/01\/fyysikkoalumnin_saantomuutos_2009_final.pdf\">katso s\u00e4\u00e4nt\u00f6muutos t\u00e4st\u00e4<\/a>).<\/p>\n<p>Ilmoittaudu kokoukseen viimeist\u00e4\u00e4n torstaina 7.5.2009 l\u00e4hett\u00e4m\u00e4ll\u00e4 viesti osoitteeseen tapahtumat (at) fyysikkoalumni.fi (Huom: ilmoittautuminen MySQL tapahtumaan on automaattisesti my\u00f6s ilmoittautuminen kokoukseen, ei tarvitse ilmoittautua kahdesti).<\/p>\n","protected":false},"excerpt":{"rendered":"<p>Fyysikkoalumni ry:n ylim\u00e4\u00e4r\u00e4inen kokous pidet\u00e4\u00e4n kev\u00e4\u00e4n p\u00e4\u00e4tapahtuman yhteydess\u00e4 Rantasaunalla maanantaina 11.5.2009 noin klo 19 alkaen p\u00e4\u00e4tapahtuman ohjelman j\u00e4lkeen. Kokousen asialistalla on PRH:n tarkastajan tekem\u00e4t ja kev\u00e4\u00e4n vuosikokouksessa hyv\u00e4ksytyt tarkennukset kev\u00e4\u00e4ll\u00e4 2008 ty\u00f6stettyihin uusiin s\u00e4\u00e4nt\u00f6ihin, jotka sallivat ainaisj\u00e4senyyden ja yhteis\u00f6j\u00e4senet. S\u00e4\u00e4nt\u00f6muutokset on hyv\u00e4ksytt\u00e4v\u00e4 kahdessa per\u00e4tt\u00e4isess\u00e4 yhdistyksen kokouksessa joiden v\u00e4lill\u00e4 on v\u00e4hint\u00e4\u00e4n 30 vrk. T\u00e4m\u00e4n toisen k\u00e4sittelyn [&hellip;]<\/p>\n<a href=\"https:\/\/fyysikkoalumni.fi\/wordpress\/11-5-2009-ylimaarainen-kokous\/\">Lue lis\u00e4\u00e4...<\/a>","protected":false},"author":1,"featured_media":0,"comment_status":"closed","ping_status":"closed","sticky":false,"template":"","format":"standard","meta":[],"categories":[9],"tags":[],"_links":{"self":[{"href":"https:\/\/fyysikkoalumni.fi\/wordpress\/wp-json\/wp\/v2\/posts\/199"}],"collection":[{"href":"https:\/\/fyysikkoalumni.fi\/wordpress\/wp-json\/wp\/v2\/posts"}],"about":[{"href":"https:\/\/fyysikkoalumni.fi\/wordpress\/wp-json\/wp\/v2\/types\/post"}],"author":[{"embeddable":true,"href":"https:\/\/fyysikkoalumni.fi\/wordpress\/wp-json\/wp\/v2\/users\/1"}],"replies":[{"embeddable":true,"href":"https:\/\/fyysikkoalumni.fi\/wordpress\/wp-json\/wp\/v2\/comments?post=199"}],"version-history":[{"count":1,"href":"https:\/\/fyysikkoalumni.fi\/wordpress\/wp-json\/wp\/v2\/posts\/199\/revisions"}],"predecessor-version":[{"id":201,"href":"https:\/\/fyysikkoalumni.fi\/wordpress\/wp-json\/wp\/v2\/posts\/199\/revisions\/201"}],"wp:attachment":[{"href":"https:\/\/fyysikkoalumni.fi\/wordpress\/wp-json\/wp\/v2\/media?parent=199"}],"wp:term":[{"taxonomy":"category","embeddable":true,"href":"https:\/\/fyysikkoalumni.fi\/wordpress\/wp-json\/wp\/v2\/categories?post=199"},{"taxonomy":"post_tag","embeddable":true,"href":"https:\/\/fyysikkoalumni.fi\/wordpress\/wp-json\/wp\/v2\/tags?post=199"}],"curies":[{"name":"wp","href":"https:\/\/api.w.org\/{rel}","templated":true}]}}